{"id":1924,"date":"2023-06-15T17:44:28","date_gmt":"2023-06-15T15:44:28","guid":{"rendered":"https:\/\/www.belmpro.fr\/cms\/?p=1924"},"modified":"2023-06-21T17:43:56","modified_gmt":"2023-06-21T15:43:56","slug":"actu-produit-aluminium-le-coin-mouchoir","status":"publish","type":"post","link":"https:\/\/www.belmpro.fr\/cms\/2023\/06\/15\/actu-produit-aluminium-le-coin-mouchoir\/","title":{"rendered":"Actu produit Aluminium : le coin mouchoir"},"content":{"rendered":"\n<h2 class=\"wp-block-heading\">D\u00e9couvrez notre savoir faire sur-mesure Aluminium<\/h2>\n\n\n\n<p>En tant que sp\u00e9cialiste de la porte d&#8217;entr\u00e9e, nous avons con\u00e7u<strong>&nbsp;le coin mouchoir sur nos gammes Aluminium 60 et 80.<\/strong> &nbsp; Nous pouvons ainsi vous proposer un effet trompe l&#8217;oeil d&#8217;une porte cintr\u00e9e \u00e0 l&#8217;ext\u00e9rieur, mais rectangulaire \u00e0 l&#8217;int\u00e9rieur.<br>Cela permet de <strong>respecter l&#8217;esth\u00e9tique globale de la fa\u00e7ade, <\/strong>mais cette solution est aussi :<\/p>\n\n\n\n<ul class=\"wp-block-list\"><li><strong>\u00e9conomique<\/strong> et<\/li><li><strong>pratique<\/strong>, pour un gain de temps et un confort de pose, cette option est &#8220;pr\u00eate \u00e0 poser&#8221;.<\/li><\/ul>\n\n\n\n<p>Pour toutes demandes sp\u00e9cifiques, n&#8217;h\u00e9sitez pas \u00e0 vous rapprocher de votre service client Bel&#8217;M.<\/p>\n\n\n\n<figure class=\"wp-block-image size-large\"><img loading=\"lazy\" decoding=\"async\" width=\"724\" height=\"1024\" src=\"https:\/\/www.belmpro.fr\/wp-content\/uploads\/sites\/6\/2023\/06\/coin_mouchoir_visuel_exterieur_belm_v2-724x1024.png\" alt=\"\" class=\"wp-image-1925\" srcset=\"https:\/\/www.belmpro.fr\/wp-content\/uploads\/sites\/6\/2023\/06\/coin_mouchoir_visuel_exterieur_belm_v2-724x1024.png 724w, https:\/\/www.belmpro.fr\/wp-content\/uploads\/sites\/6\/2023\/06\/coin_mouchoir_visuel_exterieur_belm_v2-212x300.png 212w, https:\/\/www.belmpro.fr\/wp-content\/uploads\/sites\/6\/2023\/06\/coin_mouchoir_visuel_exterieur_belm_v2-768x1086.png 768w, https:\/\/www.belmpro.fr\/wp-content\/uploads\/sites\/6\/2023\/06\/coin_mouchoir_visuel_exterieur_belm_v2-1086x1536.png 1086w, https:\/\/www.belmpro.fr\/wp-content\/uploads\/sites\/6\/2023\/06\/coin_mouchoir_visuel_exterieur_belm_v2-600x848.png 600w, https:\/\/www.belmpro.fr\/wp-content\/uploads\/sites\/6\/2023\/06\/coin_mouchoir_visuel_exterieur_belm_v2.png 1358w\" sizes=\"auto, (max-width: 724px) 100vw, 724px\" \/><\/figure>\n","protected":false},"excerpt":{"rendered":"<p>D\u00e9couvrez notre savoir faire sur-mesure Aluminium En tant que sp\u00e9cialiste de la porte d&#8217;entr\u00e9e, nous avons con\u00e7u&nbsp;le coin mouchoir sur nos gammes Aluminium 60 et 80. &nbsp; Nous pouvons ainsi vous proposer un effet trompe l&#8217;oeil d&#8217;une porte cintr\u00e9e \u00e0 l&#8217;ext\u00e9rieur, mais rectangulaire \u00e0 l&#8217;int\u00e9rieur.Cela permet de respecter l&#8217;esth\u00e9tique globale de la fa\u00e7ade, mais cette [&hellip;]<\/p>\n","protected":false},"author":26,"featured_media":1926,"comment_status":"open","ping_status":"open","sticky":false,"template":"","format":"standard","meta":{"_acf_changed":false,"footnotes":""},"categories":[19],"tags":[],"class_list":["post-1924","post","type-post","status-publish","format-standard","has-post-thumbnail","hentry","category-produits"],"acf":[],"_links":{"self":[{"href":"https:\/\/www.belmpro.fr\/cms\/wp-json\/wp\/v2\/posts\/1924","targetHints":{"allow":["GET"]}}],"collection":[{"href":"https:\/\/www.belmpro.fr\/cms\/wp-json\/wp\/v2\/posts"}],"about":[{"href":"https:\/\/www.belmpro.fr\/cms\/wp-json\/wp\/v2\/types\/post"}],"author":[{"embeddable":true,"href":"https:\/\/www.belmpro.fr\/cms\/wp-json\/wp\/v2\/users\/26"}],"replies":[{"embeddable":true,"href":"https:\/\/www.belmpro.fr\/cms\/wp-json\/wp\/v2\/comments?post=1924"}],"version-history":[{"count":5,"href":"https:\/\/www.belmpro.fr\/cms\/wp-json\/wp\/v2\/posts\/1924\/revisions"}],"predecessor-version":[{"id":1973,"href":"https:\/\/www.belmpro.fr\/cms\/wp-json\/wp\/v2\/posts\/1924\/revisions\/1973"}],"wp:featuredmedia":[{"embeddable":true,"href":"https:\/\/www.belmpro.fr\/cms\/wp-json\/wp\/v2\/media\/1926"}],"wp:attachment":[{"href":"https:\/\/www.belmpro.fr\/cms\/wp-json\/wp\/v2\/media?parent=1924"}],"wp:term":[{"taxonomy":"category","embeddable":true,"href":"https:\/\/www.belmpro.fr\/cms\/wp-json\/wp\/v2\/categories?post=1924"},{"taxonomy":"post_tag","embeddable":true,"href":"https:\/\/www.belmpro.fr\/cms\/wp-json\/wp\/v2\/tags?post=1924"}],"curies":[{"name":"wp","href":"https:\/\/api.w.org\/{rel}","templated":true}]}}